{"id":1978,"date":"2019-03-25T13:45:44","date_gmt":"2019-03-25T12:45:44","guid":{"rendered":"https:\/\/engie-polska.pl\/?p=1978"},"modified":"2019-03-25T13:48:50","modified_gmt":"2019-03-25T12:48:50","slug":"engie-i-zzsp-im-jana-pawla-ii-o-techniku-elektromobilnosci","status":"publish","type":"post","link":"https:\/\/engie-polska.pl\/en\/2019\/03\/25\/engie-i-zzsp-im-jana-pawla-ii-o-techniku-elektromobilnosci\/","title":{"rendered":"ENGIE i  ZZSP im. Jana Paw\u0142a II o techniku elektromobilno\u015bci"},"content":{"rendered":"\n<p>W dniu 22 marca 2019, na antenie regionalnej TVP, zosta\u0142 wyemitowany program &#8211; &#8220;Moja Praca&#8221;  dotycz\u0105cy zawodu technika elektromobilno\u015bci.<\/p>\n\n\n\n<p>Bardzo cieszy nas, \u017ce ten temat zosta\u0142 podniesiony do og\u00f3lnopolskiej debaty. <\/p>\n\n\n\n<p>Czym zajmuje si\u0119 technik elektromobilno\u015bci, co mo\u017ce robi\u0107 po zako\u0144czeniu edukacji, jak m\u0142odzie\u017c postrzega nauk\u0119 w takim zawodzie?<\/p>\n\n\n\n<p> O wsp\u00f3\u0142pracy dotycz\u0105cej elektromobilno\u015bci opowiadaj\u0105 Maciej Kopa\u0144ski &#8211; Dyrektor ds. rozwoju, ENGIE oraz Arkadiusz K\u0119dzierski, Dyrektor szko\u0142y ZZSP im. Jana Paw\u0142a II w Zgierzu.<\/p>\n\n\n\n<figure class=\"wp-block-embed-youtube wp-block-embed is-type-video is-provider-youtube wp-embed-aspect-16-9 wp-has-aspect-ratio\"><div class=\"wp-block-embed__wrapper\">\n<iframe loading=\"lazy\" width=\"1170\" height=\"658\" src=\"https:\/\/www.youtube.com\/embed\/1kfey3Xjvqg?start=2&#038;feature=oembed\" frameborder=\"0\" allow=\"accelerometer; autoplay; encrypted-media; gyroscope; picture-in-picture\" allowfullscreen><\/iframe>\n<\/div><\/figure>\n","protected":false},"excerpt":{"rendered":"<p>W dniu 22 marca 2019, na antenie regionalnej TVP, zosta\u0142 wyemitowany program &#8211; &#8220;Moja Praca&#8221; dotycz\u0105cy zawodu technika elektromobilno\u015bci. Bardzo cieszy nas, \u017ce ten temat zosta\u0142 podniesiony do og\u00f3lnopolskiej debaty. Czym zajmuje si\u0119 technik elektromobilno\u015bci, co mo\u017ce robi\u0107 po zako\u0144czeniu edukacji, jak m\u0142odzie\u017c postrzega nauk\u0119 w takim zawodzie? O wsp\u00f3\u0142pracy dotycz\u0105cej elektromobilno\u015bci opowiadaj\u0105 Maciej Kopa\u0144ski [&hellip;]<\/p>\n","protected":false},"author":9,"featured_media":0,"comment_status":"closed","ping_status":"closed","sticky":false,"template":"","format":"standard","meta":[],"categories":[8,7],"tags":[],"yoast_head":"<!-- This site is optimized with the Yoast SEO plugin v19.6.1 - https:\/\/yoast.com\/wordpress\/plugins\/seo\/ -->\n<title>ENGIE i ZZSP im. Jana Paw\u0142a II o techniku elektromobilno\u015bci - ENGIE Polska<\/title>\n<meta name=\"robots\" content=\"index, follow, max-snippet:-1, max-image-preview:large, max-video-preview:-1\" \/>\n<link rel=\"canonical\" href=\"https:\/\/engie-polska.pl\/en\/2019\/03\/25\/engie-i-zzsp-im-jana-pawla-ii-o-techniku-elektromobilnosci\/\" \/>\n<meta property=\"og:locale\" content=\"en_US\" \/>\n<meta property=\"og:type\" content=\"article\" \/>\n<meta property=\"og:title\" content=\"ENGIE i ZZSP im. Jana Paw\u0142a II o techniku elektromobilno\u015bci - ENGIE Polska\" \/>\n<meta property=\"og:description\" content=\"W dniu 22 marca 2019, na antenie regionalnej TVP, zosta\u0142 wyemitowany program &#8211; &#8220;Moja Praca&#8221; dotycz\u0105cy zawodu technika elektromobilno\u015bci. Bardzo cieszy nas, \u017ce ten temat zosta\u0142 podniesiony do og\u00f3lnopolskiej debaty. Czym zajmuje si\u0119 technik elektromobilno\u015bci, co mo\u017ce robi\u0107 po zako\u0144czeniu edukacji, jak m\u0142odzie\u017c postrzega nauk\u0119 w takim zawodzie? O wsp\u00f3\u0142pracy dotycz\u0105cej elektromobilno\u015bci opowiadaj\u0105 Maciej Kopa\u0144ski [&hellip;]\" \/>\n<meta property=\"og:url\" content=\"https:\/\/engie-polska.pl\/en\/2019\/03\/25\/engie-i-zzsp-im-jana-pawla-ii-o-techniku-elektromobilnosci\/\" \/>\n<meta property=\"og:site_name\" content=\"ENGIE Polska\" \/>\n<meta property=\"article:published_time\" content=\"2019-03-25T12:45:44+00:00\" \/>\n<meta property=\"article:modified_time\" content=\"2019-03-25T12:48:50+00:00\" \/>\n<meta name=\"author\" content=\"Przemys\u0142aw Sidor\" \/>\n<meta name=\"twitter:card\" content=\"summary\" \/>\n<meta name=\"twitter:label1\" content=\"Written by\" \/>\n\t<meta name=\"twitter:data1\" content=\"Przemys\u0142aw Sidor\" \/>\n<script type=\"application\/ld+json\" class=\"yoast-schema-graph\">{\"@context\":\"https:\/\/schema.org\",\"@graph\":[{\"@type\":\"WebPage\",\"@id\":\"https:\/\/engie-polska.pl\/en\/2019\/03\/25\/engie-i-zzsp-im-jana-pawla-ii-o-techniku-elektromobilnosci\/\",\"url\":\"https:\/\/engie-polska.pl\/en\/2019\/03\/25\/engie-i-zzsp-im-jana-pawla-ii-o-techniku-elektromobilnosci\/\",\"name\":\"ENGIE i ZZSP im. Jana Paw\u0142a II o techniku elektromobilno\u015bci - ENGIE Polska\",\"isPartOf\":{\"@id\":\"https:\/\/engie-polska.pl\/#website\"},\"datePublished\":\"2019-03-25T12:45:44+00:00\",\"dateModified\":\"2019-03-25T12:48:50+00:00\",\"author\":{\"@id\":\"https:\/\/engie-polska.pl\/#\/schema\/person\/651c078ebea338f1dce8497175b68043\"},\"breadcrumb\":{\"@id\":\"https:\/\/engie-polska.pl\/en\/2019\/03\/25\/engie-i-zzsp-im-jana-pawla-ii-o-techniku-elektromobilnosci\/#breadcrumb\"},\"inLanguage\":\"en-US\",\"potentialAction\":[{\"@type\":\"ReadAction\",\"target\":[\"https:\/\/engie-polska.pl\/en\/2019\/03\/25\/engie-i-zzsp-im-jana-pawla-ii-o-techniku-elektromobilnosci\/\"]}]},{\"@type\":\"BreadcrumbList\",\"@id\":\"https:\/\/engie-polska.pl\/en\/2019\/03\/25\/engie-i-zzsp-im-jana-pawla-ii-o-techniku-elektromobilnosci\/#breadcrumb\",\"itemListElement\":[{\"@type\":\"ListItem\",\"position\":1,\"name\":\"Strona g\u0142\u00f3wna\",\"item\":\"https:\/\/engie-polska.pl\/\"},{\"@type\":\"ListItem\",\"position\":2,\"name\":\"ENGIE i ZZSP im. Jana Paw\u0142a II o techniku elektromobilno\u015bci\"}]},{\"@type\":\"WebSite\",\"@id\":\"https:\/\/engie-polska.pl\/#website\",\"url\":\"https:\/\/engie-polska.pl\/\",\"name\":\"ENGIE Polska\",\"description\":\"ENGIE combines expertise in the field of energy efficiency, technical maintenance of facilities, design and construction and the production, transmission of energy and renewable energy.\",\"potentialAction\":[{\"@type\":\"SearchAction\",\"target\":{\"@type\":\"EntryPoint\",\"urlTemplate\":\"https:\/\/engie-polska.pl\/?s={search_term_string}\"},\"query-input\":\"required name=search_term_string\"}],\"inLanguage\":\"en-US\"},{\"@type\":\"Person\",\"@id\":\"https:\/\/engie-polska.pl\/#\/schema\/person\/651c078ebea338f1dce8497175b68043\",\"name\":\"Przemys\u0142aw Sidor\",\"url\":\"https:\/\/engie-polska.pl\/en\/author\/somega\/\"}]}<\/script>\n<!-- \/ Yoast SEO plugin. -->","yoast_head_json":{"title":"ENGIE i ZZSP im. Jana Paw\u0142a II o techniku elektromobilno\u015bci - ENGIE Polska","robots":{"index":"index","follow":"follow","max-snippet":"max-snippet:-1","max-image-preview":"max-image-preview:large","max-video-preview":"max-video-preview:-1"},"canonical":"https:\/\/engie-polska.pl\/en\/2019\/03\/25\/engie-i-zzsp-im-jana-pawla-ii-o-techniku-elektromobilnosci\/","og_locale":"en_US","og_type":"article","og_title":"ENGIE i ZZSP im. Jana Paw\u0142a II o techniku elektromobilno\u015bci - ENGIE Polska","og_description":"W dniu 22 marca 2019, na antenie regionalnej TVP, zosta\u0142 wyemitowany program &#8211; &#8220;Moja Praca&#8221; dotycz\u0105cy zawodu technika elektromobilno\u015bci. Bardzo cieszy nas, \u017ce ten temat zosta\u0142 podniesiony do og\u00f3lnopolskiej debaty. Czym zajmuje si\u0119 technik elektromobilno\u015bci, co mo\u017ce robi\u0107 po zako\u0144czeniu edukacji, jak m\u0142odzie\u017c postrzega nauk\u0119 w takim zawodzie? O wsp\u00f3\u0142pracy dotycz\u0105cej elektromobilno\u015bci opowiadaj\u0105 Maciej Kopa\u0144ski [&hellip;]","og_url":"https:\/\/engie-polska.pl\/en\/2019\/03\/25\/engie-i-zzsp-im-jana-pawla-ii-o-techniku-elektromobilnosci\/","og_site_name":"ENGIE Polska","article_published_time":"2019-03-25T12:45:44+00:00","article_modified_time":"2019-03-25T12:48:50+00:00","author":"Przemys\u0142aw Sidor","twitter_card":"summary","twitter_misc":{"Written by":"Przemys\u0142aw Sidor"},"schema":{"@context":"https:\/\/schema.org","@graph":[{"@type":"WebPage","@id":"https:\/\/engie-polska.pl\/en\/2019\/03\/25\/engie-i-zzsp-im-jana-pawla-ii-o-techniku-elektromobilnosci\/","url":"https:\/\/engie-polska.pl\/en\/2019\/03\/25\/engie-i-zzsp-im-jana-pawla-ii-o-techniku-elektromobilnosci\/","name":"ENGIE i ZZSP im. Jana Paw\u0142a II o techniku elektromobilno\u015bci - ENGIE Polska","isPartOf":{"@id":"https:\/\/engie-polska.pl\/#website"},"datePublished":"2019-03-25T12:45:44+00:00","dateModified":"2019-03-25T12:48:50+00:00","author":{"@id":"https:\/\/engie-polska.pl\/#\/schema\/person\/651c078ebea338f1dce8497175b68043"},"breadcrumb":{"@id":"https:\/\/engie-polska.pl\/en\/2019\/03\/25\/engie-i-zzsp-im-jana-pawla-ii-o-techniku-elektromobilnosci\/#breadcrumb"},"inLanguage":"en-US","potentialAction":[{"@type":"ReadAction","target":["https:\/\/engie-polska.pl\/en\/2019\/03\/25\/engie-i-zzsp-im-jana-pawla-ii-o-techniku-elektromobilnosci\/"]}]},{"@type":"BreadcrumbList","@id":"https:\/\/engie-polska.pl\/en\/2019\/03\/25\/engie-i-zzsp-im-jana-pawla-ii-o-techniku-elektromobilnosci\/#breadcrumb","itemListElement":[{"@type":"ListItem","position":1,"name":"Strona g\u0142\u00f3wna","item":"https:\/\/engie-polska.pl\/"},{"@type":"ListItem","position":2,"name":"ENGIE i ZZSP im. Jana Paw\u0142a II o techniku elektromobilno\u015bci"}]},{"@type":"WebSite","@id":"https:\/\/engie-polska.pl\/#website","url":"https:\/\/engie-polska.pl\/","name":"ENGIE Polska","description":"ENGIE combines expertise in the field of energy efficiency, technical maintenance of facilities, design and construction and the production, transmission of energy and renewable energy.","potentialAction":[{"@type":"SearchAction","target":{"@type":"EntryPoint","urlTemplate":"https:\/\/engie-polska.pl\/?s={search_term_string}"},"query-input":"required name=search_term_string"}],"inLanguage":"en-US"},{"@type":"Person","@id":"https:\/\/engie-polska.pl\/#\/schema\/person\/651c078ebea338f1dce8497175b68043","name":"Przemys\u0142aw Sidor","url":"https:\/\/engie-polska.pl\/en\/author\/somega\/"}]}},"_links":{"self":[{"href":"https:\/\/engie-polska.pl\/en\/wp-json\/wp\/v2\/posts\/1978"}],"collection":[{"href":"https:\/\/engie-polska.pl\/en\/wp-json\/wp\/v2\/posts"}],"about":[{"href":"https:\/\/engie-polska.pl\/en\/wp-json\/wp\/v2\/types\/post"}],"author":[{"embeddable":true,"href":"https:\/\/engie-polska.pl\/en\/wp-json\/wp\/v2\/users\/9"}],"replies":[{"embeddable":true,"href":"https:\/\/engie-polska.pl\/en\/wp-json\/wp\/v2\/comments?post=1978"}],"version-history":[{"count":3,"href":"https:\/\/engie-polska.pl\/en\/wp-json\/wp\/v2\/posts\/1978\/revisions"}],"predecessor-version":[{"id":1982,"href":"https:\/\/engie-polska.pl\/en\/wp-json\/wp\/v2\/posts\/1978\/revisions\/1982"}],"wp:attachment":[{"href":"https:\/\/engie-polska.pl\/en\/wp-json\/wp\/v2\/media?parent=1978"}],"wp:term":[{"taxonomy":"category","embeddable":true,"href":"https:\/\/engie-polska.pl\/en\/wp-json\/wp\/v2\/categories?post=1978"},{"taxonomy":"post_tag","embeddable":true,"href":"https:\/\/engie-polska.pl\/en\/wp-json\/wp\/v2\/tags?post=1978"}],"curies":[{"name":"wp","href":"https:\/\/api.w.org\/{rel}","templated":true}]}}